{"id":815995,"date":"2023-12-06T21:02:57","date_gmt":"2023-12-07T00:02:57","guid":{"rendered":"https:\/\/agorarn.com.br\/?p=815995"},"modified":"2023-12-06T21:02:57","modified_gmt":"2023-12-07T00:02:57","slug":"energia-eolica-a-frustracao-de-quem-sonhava","status":"publish","type":"post","link":"https:\/\/agorarn.com.br\/homolog\/geral\/energia-eolica-a-frustracao-de-quem-sonhava\/","title":{"rendered":"Energia e\u00f3lica: a frustra\u00e7\u00e3o de quem sonhava viver dos ventos no RN"},"content":{"rendered":"<p>Analfabeto, Jos\u00e9 Bernardo Sobrinho assinou um contrato de 37 anos, renov\u00e1veis por mais 22, com uma empresa de <a href=\"https:\/\/agorarn.com.br\/ultimas\/porto-ilha-rn-vira-estudos-energia-eolica\/\">energia e\u00f3lica<\/a> que fincou uma torre em seu quintal para captar ventos. Tudo aconteceu sem que Jos\u00e9 entendesse que o acordo o impediria de plantar feij\u00e3o na sua ro\u00e7a ou mesmo construir mais casas para os filhos que iriam crescer em Parazinho, no semi\u00e1rido de Rio Grande do Norte.<\/p>\n<p>Assim como Jos\u00e9, centenas de fam\u00edlias do estado arrendaram suas terras para empresas e\u00f3licas acreditando que poderiam passar a viver de vento. Contudo, hoje elas se queixam de receber menos que o esperado, ou at\u00e9 ganhar abaixo do valor assinado em contrato.<\/p>\n<p>Em alguns casos, os propriet\u00e1rios reclamam de ser impedidos de usar suas terras para o ro\u00e7ado, principal ganha-p\u00e3o das comunidades.<\/p>\n<blockquote><p>&#8220;A gente plantou feij\u00e3o carioca no p\u00e9 daquela torre mais fininha, e eles pegaram o trator e passaram por cima&#8221;, diz Severina Rodrigues da Silva<\/p><\/blockquote>\n<p>Vi\u00fava de Jos\u00e9, Severina vive com seis barulhentas torres instaladas perto de sua casa &#8212; a mais pr\u00f3xima est\u00e1 a 220 metros e dificulta a conversa com a reportagem.<\/p>\n<figure id=\"attachment_815996\" aria-describedby=\"caption-attachment-815996\" style=\"width: 750px\" class=\"wp-caption aligncenter\"><a href=\"https:\/\/agorarn.com.br\/ultimas\/energia-eolica-a-frustracao-de-quem-sonhava\/attachment\/com-torres-eolicas-a-220-metros-de-sua-casa-severina-rodrigues-da-silva-e-impedida-de-plantar-feijao-em-seu-quintal-1701803463361_v2_750x421-jpg\/\" rel=\"attachment wp-att-815996\"><img loading=\"lazy\" decoding=\"async\" class=\"size-full wp-image-815996\" title=\"\/ Imagem: Mariana Greif\/Rep\u00f3rter Brasil\" src=\"https:\/\/agorarn.com.br\/files\/uploads\/2023\/12\/com-torres-eolicas-a-220-metros-de-sua-casa-severina-rodrigues-da-silva-e-impedida-de-plantar-feijao-em-seu-quintal-1701803463361_v2_750x421.jpg.webp\" alt=\"Com torres e\u00f3licas a 220 metros de sua casa, Severina Rodrigues da Silva \u00e9 impedida de plantar feij\u00e3o em seu quintal\/ Imagem: Mariana Greif\/Rep\u00f3rter Brasil\" width=\"750\" height=\"421\" \/><\/a><figcaption id=\"caption-attachment-815996\" class=\"wp-caption-text\">Com torres e\u00f3licas a 220 metros de sua casa, Severina Rodrigues da Silva \u00e9 impedida de plantar feij\u00e3o em seu quintal<br \/>\/ Imagem: Mariana Greif &#8211; Rep\u00f3rter Brasil<\/figcaption><\/figure>\n<p>Por meio de contratos de arrendamento, empresas do setor e\u00f3lico controlam hoje pelo menos 262 mil hectares no Rio Grande do Norte, o que representa 5% da \u00e1rea do estado \u2014 ou quase duas vezes o tamanho da cidade de S\u00e3o Paulo.<\/p>\n<p>Metade dessa \u00e1rea est\u00e1 nas m\u00e3os de 27 empresas brasileiras, e a outra metade, com 19 companhias estrangeiras.<\/p>\n<p>Os dados fazem parte de um levantamento in\u00e9dito da Rep\u00f3rter Brasil, que cruzou informa\u00e7\u00f5es da Aneel (Ag\u00eancia Nacional de Energia El\u00e9trica), com dados do Sigef (Sistema de Gest\u00e3o Fundi\u00e1ria), do Sistema Nacional de Certifica\u00e7\u00e3o de Im\u00f3veis Rurais e da Receita Federal, para descobrir quem s\u00e3o as empresas e os propriet\u00e1rios envolvidos na gera\u00e7\u00e3o de energia e\u00f3lica no Rio Grande do Norte.<\/p>\n<p>O estado \u00e9 o maior produtor nacional dessa energia, uma das principais apostas para a transi\u00e7\u00e3o energ\u00e9tica necess\u00e1ria para combater a crise clim\u00e1tica.<\/p>\n<figure id=\"attachment_815997\" aria-describedby=\"caption-attachment-815997\" style=\"width: 750px\" class=\"wp-caption aligncenter\"><a href=\"https:\/\/agorarn.com.br\/ultimas\/energia-eolica-a-frustracao-de-quem-sonhava\/attachment\/como-e-o-controle-da-energia-eolica-no-rn-1701801862535_v2_750x1-png\/\" rel=\"attachment wp-att-815997\"><img loading=\"lazy\" decoding=\"async\" class=\"size-full wp-image-815997\" title=\"Como \u00e9 o controle da energia e\u00f3lica no RN Imagem: Rep\u00f3rter Brasil\" src=\"https:\/\/agorarn.com.br\/files\/uploads\/2023\/12\/como-e-o-controle-da-energia-eolica-no-rn-1701801862535_v2_750x1.png.webp\" alt=\"Como \u00e9 o controle da energia e\u00f3lica no RNImagem: Rep\u00f3rter Brasil\" width=\"750\" height=\"832\" \/><\/a><figcaption id=\"caption-attachment-815997\" class=\"wp-caption-text\">Como \u00e9 o controle da energia e\u00f3lica no RN<br \/>Imagem: Rep\u00f3rter Brasil<\/figcaption><\/figure>\n<p>Ao todo, os parques e\u00f3licos em opera\u00e7\u00e3o, em constru\u00e7\u00e3o ou j\u00e1 previstos t\u00eam contratos assinados com pelo menos 1.915 im\u00f3veis rurais em 51 munic\u00edpios do estado. Apenas duas empresas concentram um ter\u00e7o desses neg\u00f3cios: a portuguesa EDPR (316 contratos) e a brasileira Casa dos Ventos (307).<\/p>\n<p>&#8220;S\u00e3o empresas transnacionais com grande poder econ\u00f4mico tratando com fam\u00edlias que t\u00eam dificuldade de entender as condi\u00e7\u00f5es contratuais e que muitas vezes nem sabem ler&#8221;, diz Claudionor Vital, advogado que assessora comunidades que alegam ter sido prejudicadas.<\/p>\n<p>As empresas negam as cr\u00edticas. Elas afirmam que os contratos seguem a legisla\u00e7\u00e3o vigente e que investem no desenvolvimento das comunidades. A associa\u00e7\u00e3o que representa o setor declarou que est\u00e1 elaborando um manual para orientar a reda\u00e7\u00e3o dos contratos.<\/p>\n<figure id=\"attachment_815998\" aria-describedby=\"caption-attachment-815998\" style=\"width: 636px\" class=\"wp-caption aligncenter\"><a href=\"https:\/\/agorarn.com.br\/ultimas\/energia-eolica-a-frustracao-de-quem-sonhava\/attachment\/como-e-o-controle-da-energia-eolica-no-rn-1701801550707_v2_750x1-png\/\" rel=\"attachment wp-att-815998\"><img loading=\"lazy\" decoding=\"async\" class=\"size-large wp-image-815998\" title=\"Onde est\u00e3o os parques e\u00f3licos no RN Imagem: Rep\u00f3rter Brasil\" src=\"https:\/\/agorarn.com.br\/files\/uploads\/2023\/12\/como-e-o-controle-da-energia-eolica-no-rn-1701801550707_v2_750x1.png-636x1024.webp\" alt=\"Onde est\u00e3o os parques e\u00f3licos no RNImagem: Rep\u00f3rter Brasil \" width=\"636\" height=\"1024\" \/><\/a><figcaption id=\"caption-attachment-815998\" class=\"wp-caption-text\">Onde est\u00e3o os parques e\u00f3licos no RN \/ Imagem: Rep\u00f3rter Brasil<\/figcaption><\/figure>\n<p>&nbsp;<\/p>\n<p><em>Mat\u00e9ria completa no portal <a href=\"https:\/\/noticias.uol.com.br\/ultimas-noticias\/reporter-brasil\/2023\/12\/06\/energia-eolica-a-frustracao-de-quem-sonhava-viver-dos-ventos-no-rn.htm\">Uol<\/a><\/em><\/p>\n","protected":false},"excerpt":{"rendered":"<p>Analfabeto, Jos\u00e9 Bernardo Sobrinho assinou um contrato de 37 anos, renov\u00e1veis por mais 22, com uma empresa de energia e\u00f3lica que fincou uma torre em seu quintal para captar ventos. Tudo aconteceu sem que Jos\u00e9 entendesse que o acordo o impediria de plantar feij\u00e3o na sua ro\u00e7a ou mesmo construir mais casas para os filhos [&hellip;]<\/p>\n","protected":false},"author":7,"featured_media":815999,"comment_status":"open","ping_status":"open","sticky":false,"template":"","format":"standard","meta":{"_acf_changed":false,"footnotes":""},"categories":[11,17],"tags":[],"class_list":["post-815995","post","type-post","status-publish","format-standard","has-post-thumbnail","hentry","category-geral","category-ultimas"],"acf":[],"_links":{"self":[{"href":"https:\/\/agorarn.com.br\/homolog\/wp-json\/wp\/v2\/posts\/815995","targetHints":{"allow":["GET"]}}],"collection":[{"href":"https:\/\/agorarn.com.br\/homolog\/wp-json\/wp\/v2\/posts"}],"about":[{"href":"https:\/\/agorarn.com.br\/homolog\/wp-json\/wp\/v2\/types\/post"}],"author":[{"embeddable":true,"href":"https:\/\/agorarn.com.br\/homolog\/wp-json\/wp\/v2\/users\/7"}],"replies":[{"embeddable":true,"href":"https:\/\/agorarn.com.br\/homolog\/wp-json\/wp\/v2\/comments?post=815995"}],"version-history":[{"count":0,"href":"https:\/\/agorarn.com.br\/homolog\/wp-json\/wp\/v2\/posts\/815995\/revisions"}],"wp:featuredmedia":[{"embeddable":true,"href":"https:\/\/agorarn.com.br\/homolog\/wp-json\/"}],"wp:attachment":[{"href":"https:\/\/agorarn.com.br\/homolog\/wp-json\/wp\/v2\/media?parent=815995"}],"wp:term":[{"taxonomy":"category","embeddable":true,"href":"https:\/\/agorarn.com.br\/homolog\/wp-json\/wp\/v2\/categories?post=815995"},{"taxonomy":"post_tag","embeddable":true,"href":"https:\/\/agorarn.com.br\/homolog\/wp-json\/wp\/v2\/tags?post=815995"}],"curies":[{"name":"wp","href":"https:\/\/api.w.org\/{rel}","templated":true}]}}